{"id":14276,"date":"2019-05-31T12:48:34","date_gmt":"2019-05-31T12:48:34","guid":{"rendered":"https:\/\/lifeinsyntropy.org\/?p=14276"},"modified":"2019-11-25T11:25:21","modified_gmt":"2019-11-25T11:25:21","slug":"syntropic-school-garden-wins-2nd-place-in-a-national-sustainability-contest","status":"publish","type":"post","link":"https:\/\/agendagotsch.com\/pt\/syntropic-school-garden-wins-2nd-place-in-a-national-sustainability-contest\/","title":{"rendered":"Horta Sintr\u00f3pica na Escola ganha 2\u00ba lugar em concurso nacional de sustentabilidade"},"content":{"rendered":"<div style=\"min-height: 30px;\"><input id=\"14276\" style=\"float: left;max-width: 50px;\" src=\"https:\/\/agendagotsch.com\/wp-content\/plugins\/wp-advanced-pdf\/asset\/images\/pdf.png\" alt=\"#TB_inline?height=230&amp;width=400&amp;inlineId=examplePopup1\" title=\"Export pdf to your Email\" class=\"thickbox export-pdf\" type=\"image\" value=\"Export to PDF\" \/><\/div>\t\t<div data-elementor-type=\"wp-post\" data-elementor-id=\"14276\" class=\"elementor elementor-14276\" data-elementor-settings=\"[]\">\n\t\t\t\t\t\t<div class=\"elementor-inner\">\n\t\t\t\t\t\t\t<div class=\"elementor-section-wrap\">\n\t\t\t\t\t\t\t<section class=\"elementor-section elementor-top-section elementor-element elementor-element-e93bdc7 elementor-section-boxed elementor-section-height-default elementor-section-height-default\" data-id=\"e93bdc7\" data-element_type=\"section\">\n\t\t\t\t\t\t<div class=\"elementor-container elementor-column-gap-default\">\n\t\t\t\t\t\t\t<div class=\"elementor-row\">\n\t\t\t\t\t<div class=\"elementor-column elementor-col-100 elementor-top-column elementor-element elementor-element-42a595c\" data-id=\"42a595c\" data-element_type=\"column\">\n\t\t\t<div class=\"elementor-column-wrap elementor-element-populated\">\n\t\t\t\t\t\t\t<div class=\"elementor-widget-wrap\">\n\t\t\t\t\t\t<div class=\"elementor-element elementor-element-0bf6d29 elementor-widget elementor-widget-text-editor\" data-id=\"0bf6d29\" data-element_type=\"widget\" data-widget_type=\"text-editor.default\">\n\t\t\t\t<div class=\"elementor-widget-container\">\n\t\t\t\t\t\t\t\t<div class=\"elementor-text-editor elementor-clearfix\">\n\t\t\t\t<p>Com muita alegria compartilhamos com voc\u00eas a not\u00edcia de que o projeto de hortas sintr\u00f3picas nas escolas, que iniciamos h\u00e1 apenas seis meses, ganhou o concurso de sustentabilidade promovido pela Funda\u00e7\u00e3o Galp em Portugal. Gra\u00e7as \u00e0 Professora Goretti que inscreveu a horta da escola de Santana de Cambas para concorrer ao pr\u00eamio, os alunos do 1\u00ba ciclo puderam apresentar o projeto diante de uma plateia de 350 pessoas no evento \"Energy BootCamp\", em Matosinhos. Em um universo de 1437 escolas, foram analisados 150 projetos, dos quais nos destacamos em segundo lugar na categoria \"Miss\u00e3oUP\". Assista abaixo ao v\u00eddeo usado na apresenta\u00e7\u00e3o.<\/p><p>\u00a0<\/p>\t\t\t\t\t<\/div>\n\t\t\t\t\t\t<\/div>\n\t\t\t\t<\/div>\n\t\t\t\t<div class=\"elementor-element elementor-element-12ff370 elementor-aspect-ratio-169 elementor-widget elementor-widget-video\" data-id=\"12ff370\" data-element_type=\"widget\" data-settings=\"{&quot;video_type&quot;:&quot;vimeo&quot;,&quot;aspect_ratio&quot;:&quot;169&quot;}\" data-widget_type=\"video.default\">\n\t\t\t\t<div class=\"elementor-widget-container\">\n\t\t\t\t\t<div class=\"elementor-wrapper elementor-fit-aspect-ratio elementor-open-inline\">\n\t\t\t<iframe class=\"elementor-video-iframe\" allowfullscreen title=\"Player de V\u00eddeo vimeo\" src=\"https:\/\/player.vimeo.com\/video\/339432345?color&amp;autopause=0&amp;loop=0&amp;muted=0&amp;title=1&amp;portrait=1&amp;byline=1#t=\"><\/iframe>\t\t<\/div>\n\t\t\t\t<\/div>\n\t\t\t\t<\/div>\n\t\t\t\t<div class=\"elementor-element elementor-element-4381ec7 elementor-widget elementor-widget-spacer\" data-id=\"4381ec7\" data-element_type=\"widget\" data-widget_type=\"spacer.default\">\n\t\t\t\t<div class=\"elementor-widget-container\">\n\t\t\t\t\t<div class=\"elementor-spacer\">\n\t\t\t<div class=\"elementor-spacer-inner\"><\/div>\n\t\t<\/div>\n\t\t\t\t<\/div>\n\t\t\t\t<\/div>\n\t\t\t\t<div class=\"elementor-element elementor-element-eb925ef elementor-widget elementor-widget-heading\" data-id=\"eb925ef\" data-element_type=\"widget\" data-widget_type=\"heading.default\">\n\t\t\t\t<div class=\"elementor-widget-container\">\n\t\t\t<h2 class=\"elementor-heading-title elementor-size-default\">O COME\u00c7O<\/h2>\t\t<\/div>\n\t\t\t\t<\/div>\n\t\t\t\t<div class=\"elementor-element elementor-element-2671446 elementor-widget elementor-widget-text-editor\" data-id=\"2671446\" data-element_type=\"widget\" data-widget_type=\"text-editor.default\">\n\t\t\t\t<div class=\"elementor-widget-container\">\n\t\t\t\t\t\t\t\t<div class=\"elementor-text-editor elementor-clearfix\">\n\t\t\t\t<p>Quanto mais n\u00f3s estudamos a hist\u00f3ria da agricultura, mais se refor\u00e7a a hip\u00f3tese de que mudan\u00e7as substantivas na maneira como produzimos alimentos sempre estiveram e sempre estar\u00e3o associadas a importantes mudan\u00e7as sociais.<br \/><br \/>Foi com essa ideia na cabe\u00e7a que eu e o Felipe abra\u00e7amos de corpo e alma a oportunidade de trabalhar com as crian\u00e7as de todas as escolas municipais de uma pequena grande vila no interior de Portugal. Pequena porque em n\u00famero de habitantes somos poucos. Grande por dois motivos: porque o territ\u00f3rio abrange uma extensa \u00e1rea de terras, mas tamb\u00e9m porque aqui se encontram pessoas e institui\u00e7\u00f5es dispostas a assumir uma importante responsabilidade: a de preparar as crian\u00e7as de hoje para um futuro ambiental inst\u00e1vel.<br \/><br \/>Em termos de ecossistema e paisagem, essa regi\u00e3o se assemelha muito \u00e0s condi\u00e7\u00f5es do semi\u00e1rido brasileiro, de todo o mediterr\u00e2neo e de partes da Calif\u00f3rnia, Chile, Austr\u00e1lia e \u00c1frica do Sul. Todas \u00e1reas que n\u00e3o precisam de relat\u00f3rios oficiais ou prospec\u00e7\u00f5es clim\u00e1ticas catastr\u00f3ficas para concluir que o deserto j\u00e1 bate \u00e0 sua porta. Solo e \u00e1gua s\u00e3o limita\u00e7\u00f5es concretas e cotidianas e isso coloca a discuss\u00e3o sobre novas formas de fazer agricultura no centro do debate.<br \/><br \/><\/p>\t\t\t\t\t<\/div>\n\t\t\t\t\t\t<\/div>\n\t\t\t\t<\/div>\n\t\t\t\t<div class=\"elementor-element elementor-element-cf66e7b elementor-widget elementor-widget-heading\" data-id=\"cf66e7b\" data-element_type=\"widget\" data-widget_type=\"heading.default\">\n\t\t\t\t<div class=\"elementor-widget-container\">\n\t\t\t<h2 class=\"elementor-heading-title elementor-size-default\">MAS QUAL \u00c9 PLANO? FAZER DE TODAS AS CRIANCAS FUTUROS AGRICULTORES?<\/h2>\t\t<\/div>\n\t\t\t\t<\/div>\n\t\t\t\t<div class=\"elementor-element elementor-element-1ad6424 elementor-widget elementor-widget-text-editor\" data-id=\"1ad6424\" data-element_type=\"widget\" data-widget_type=\"text-editor.default\">\n\t\t\t\t<div class=\"elementor-widget-container\">\n\t\t\t\t\t\t\t\t<div class=\"elementor-text-editor elementor-clearfix\">\n\t\t\t\t<p>At\u00e9 que esta n\u00e3o seria uma m\u00e1 ideia. C\u00edcero j\u00e1 discursava na Roma antiga que uma sociedade que n\u00e3o d\u00e1 valor para seus agricultores \u00e9 uma sociedade fadada ao fracasso. Mas, saber produzir alimentos ao mesmo tempo em que se recupera ecossistemas degradados se refere a muito mais do que o nosso imagin\u00e1rio costuma associar \u00e0 fun\u00e7\u00e3o de agricultor. A regenera\u00e7\u00e3o pelo uso s\u00f3 \u00e9 poss\u00edvel com conhecimentos ecol\u00f3gicos profundos aliados a t\u00e9cnicas que sejam capazes de sincronizar a produ\u00e7\u00e3o de alimentos \u00e0s din\u00e2micas sucessionais dos ecossistemas. Por meio dos conceitos da agricultura sintr\u00f3pica conseguimos trabalhar com as crian\u00e7as compet\u00eancias que extrapolam a habilidade t\u00e9cnica. A horta \u00e9 um laborat\u00f3rio vivo que estimula a observa\u00e7\u00e3o aut\u00f4noma da natureza, na qual as crian\u00e7as plantam, cuidam, colhem e comem o resultado de seu cultivo. Os alunos n\u00e3o aprendem a fazer uma horta, eles aprendem a enfrentar e, sobretudo, a reverter os impactos ambientais da nossa sociedade. Essa \u00e9 uma oportunidade de promover uma educa\u00e7\u00e3o \u00e0 servi\u00e7o do desenvolvimento de comunidades humanas sustent\u00e1veis.<\/p>\t\t\t\t\t<\/div>\n\t\t\t\t\t\t<\/div>\n\t\t\t\t<\/div>\n\t\t\t\t<div class=\"elementor-element elementor-element-cee0905 elementor-widget elementor-widget-heading\" data-id=\"cee0905\" data-element_type=\"widget\" data-widget_type=\"heading.default\">\n\t\t\t\t<div class=\"elementor-widget-container\">\n\t\t\t<h2 class=\"elementor-heading-title elementor-size-default\"><p>O QUE J\u00c1 COLHEMOS<\/h2>\t\t<\/div>\n\t\t\t\t<\/div>\n\t\t\t\t<div class=\"elementor-element elementor-element-01f14f0 elementor-widget elementor-widget-image\" data-id=\"01f14f0\" data-element_type=\"widget\" data-widget_type=\"image.default\">\n\t\t\t\t<div class=\"elementor-widget-container\">\n\t\t\t\t\t\t\t\t<div class=\"elementor-image\">\n\t\t\t\t\t\t\t\t\t\t\t\t<img width=\"770\" height=\"433\" src=\"https:\/\/agendagotsch.com\/wp-content\/uploads\/2019\/05\/life-in-syntropy-school-garden-1024x576.jpg\" class=\"attachment-large size-large\" alt=\"\" loading=\"lazy\" srcset=\"https:\/\/agendagotsch.com\/wp-content\/uploads\/2019\/05\/life-in-syntropy-school-garden-1024x576.jpg 1024w, https:\/\/agendagotsch.com\/wp-content\/uploads\/2019\/05\/life-in-syntropy-school-garden-768x432.jpg 768w, https:\/\/agendagotsch.com\/wp-content\/uploads\/2019\/05\/life-in-syntropy-school-garden-370x208.jpg 370w, https:\/\/agendagotsch.com\/wp-content\/uploads\/2019\/05\/life-in-syntropy-school-garden-270x152.jpg 270w, https:\/\/agendagotsch.com\/wp-content\/uploads\/2019\/05\/life-in-syntropy-school-garden-570x321.jpg 570w, https:\/\/agendagotsch.com\/wp-content\/uploads\/2019\/05\/life-in-syntropy-school-garden-740x416.jpg 740w, https:\/\/agendagotsch.com\/wp-content\/uploads\/2019\/05\/life-in-syntropy-school-garden.jpg 1067w\" sizes=\"(max-width: 770px) 100vw, 770px\" \/>\t\t\t\t\t\t\t\t\t\t\t\t\t\t<\/div>\n\t\t\t\t\t\t<\/div>\n\t\t\t\t<\/div>\n\t\t\t\t<div class=\"elementor-element elementor-element-78bb574 elementor-widget elementor-widget-text-editor\" data-id=\"78bb574\" data-element_type=\"widget\" data-widget_type=\"text-editor.default\">\n\t\t\t\t<div class=\"elementor-widget-container\">\n\t\t\t\t\t\t\t\t<div class=\"elementor-text-editor elementor-clearfix\">\n\t\t\t\t<p>Desde que iniciamos esse trabalho, h\u00e1 6 meses, nossa horta j\u00e1 rendeu muita alface, br\u00f3colis, couve, batata, cebola, gr\u00e3os e diversas hortali\u00e7as da temporada. Mas tamb\u00e9m fizemos outras importantes colheitas:<\/p>\t\t\t\t\t<\/div>\n\t\t\t\t\t\t<\/div>\n\t\t\t\t<\/div>\n\t\t\t\t<div class=\"elementor-element elementor-element-75228f9 elementor-icon-list--layout-traditional elementor-list-item-link-full_width elementor-widget elementor-widget-icon-list\" data-id=\"75228f9\" data-element_type=\"widget\" data-widget_type=\"icon-list.default\">\n\t\t\t\t<div class=\"elementor-widget-container\">\n\t\t\t\t\t<ul class=\"elementor-icon-list-items\">\n\t\t\t\t\t\t\t<li class=\"elementor-icon-list-item\">\n\t\t\t\t\t\t\t\t\t\t\t<span class=\"elementor-icon-list-icon\">\n\t\t\t\t\t\t\t\t\t\t\t\t\t\t\t\t<i class=\"fa fa-check\" aria-hidden=\"true\"><\/i>\n\t\t\t\t\t\t\t\t\t\t\t\t\t<\/span>\n\t\t\t\t\t\t\t\t\t\t<span class=\"elementor-icon-list-text\">Mais de 50 alunos envolvidos que adotaram a horta como seu novo espa\u00e7o para, ao mesmo tempo, brincar e aprender;<\/span>\n\t\t\t\t\t\t\t\t\t<\/li>\n\t\t\t\t\t\t\t\t<li class=\"elementor-icon-list-item\">\n\t\t\t\t\t\t\t\t\t\t\t<span class=\"elementor-icon-list-icon\">\n\t\t\t\t\t\t\t\t\t\t\t\t\t\t\t\t<i class=\"fa fa-check\" aria-hidden=\"true\"><\/i>\n\t\t\t\t\t\t\t\t\t\t\t\t\t<\/span>\n\t\t\t\t\t\t\t\t\t\t<span class=\"elementor-icon-list-text\">Foram criados espa\u00e7os de sociabilidade intergeracional;<\/span>\n\t\t\t\t\t\t\t\t\t<\/li>\n\t\t\t\t\t\t\t\t<li class=\"elementor-icon-list-item\">\n\t\t\t\t\t\t\t\t\t\t\t<span class=\"elementor-icon-list-icon\">\n\t\t\t\t\t\t\t\t\t\t\t\t\t\t\t\t<i class=\"fa fa-check\" aria-hidden=\"true\"><\/i>\n\t\t\t\t\t\t\t\t\t\t\t\t\t<\/span>\n\t\t\t\t\t\t\t\t\t\t<span class=\"elementor-icon-list-text\">Isso tudo alimenta v\u00ednculos e rela\u00e7\u00f5es de afeto na comunidade e com o territ\u00f3rio, o que diminui o \u00eaxodo dessas regi\u00f5es;<\/span>\n\t\t\t\t\t\t\t\t\t<\/li>\n\t\t\t\t\t\t\t\t<li class=\"elementor-icon-list-item\">\n\t\t\t\t\t\t\t\t\t\t\t<span class=\"elementor-icon-list-icon\">\n\t\t\t\t\t\t\t\t\t\t\t\t\t\t\t\t<i class=\"fa fa-check\" aria-hidden=\"true\"><\/i>\n\t\t\t\t\t\t\t\t\t\t\t\t\t<\/span>\n\t\t\t\t\t\t\t\t\t\t<span class=\"elementor-icon-list-text\">As crian\u00e7as puderam refletir sobre a origem e a sazonalidade dos alimentos e souberam reconhecer a import\u00e2ncia de um alimento livre de agroqu\u00edmicos;<\/span>\n\t\t\t\t\t\t\t\t\t<\/li>\n\t\t\t\t\t\t\t\t<li class=\"elementor-icon-list-item\">\n\t\t\t\t\t\t\t\t\t\t\t<span class=\"elementor-icon-list-icon\">\n\t\t\t\t\t\t\t\t\t\t\t\t\t\t\t\t<i class=\"fa fa-check\" aria-hidden=\"true\"><\/i>\n\t\t\t\t\t\t\t\t\t\t\t\t\t<\/span>\n\t\t\t\t\t\t\t\t\t\t<span class=\"elementor-icon-list-text\">As arvores plantadas junto com a horta deixam como resultado permanente para a escola novas \u00e1reas de sombreamento e drenagem de calor.<\/span>\n\t\t\t\t\t\t\t\t\t<\/li>\n\t\t\t\t\t\t<\/ul>\n\t\t\t\t<\/div>\n\t\t\t\t<\/div>\n\t\t\t\t<div class=\"elementor-element elementor-element-965f1fe elementor-widget elementor-widget-text-editor\" data-id=\"965f1fe\" data-element_type=\"widget\" data-widget_type=\"text-editor.default\">\n\t\t\t\t<div class=\"elementor-widget-container\">\n\t\t\t\t\t\t\t\t<div class=\"elementor-text-editor elementor-clearfix\">\n\t\t\t\t<p>Agradecemos \u00e0s pessoas dentro das institui\u00e7\u00f5es que tornaram esse trabalho poss\u00edvel. Somente com parcerias movidas por um bem comum \u00e9 que se torna vi\u00e1vel sonhar e concretizar as mudan\u00e7as sist\u00eamicas que tanto necessitamos. Agradecemos \u00e0 C\u00e2mara Municipal de M\u00e9rtola, Agrupamento Escolar de M\u00e9rtola, Escola Profissional Alsud, Associa\u00e7\u00e3o Terra Sintr\u00f3pica, Somincor, e claro, \u00e0s crian\u00e7as, familiares e funcion\u00e1rios das escolas que tanto se envolvem com o projeto. <\/p><p>Esse \u00e9 um exemplo de projeto local, mas os desafios s\u00e3o compartilhados globalmente. Onde h\u00e1 terra degradada h\u00e1 trabalho a ser feito.<\/p>\t\t\t\t\t<\/div>\n\t\t\t\t\t\t<\/div>\n\t\t\t\t<\/div>\n\t\t\t\t\t\t<\/div>\n\t\t\t\t\t<\/div>\n\t\t<\/div>\n\t\t\t\t\t\t\t\t<\/div>\n\t\t\t\t\t<\/div>\n\t\t<\/section>\n\t\t\t\t<section class=\"elementor-section elementor-top-section elementor-element elementor-element-041e258 elementor-section-boxed elementor-section-height-default elementor-section-height-default\" data-id=\"041e258\" data-element_type=\"section\">\n\t\t\t\t\t\t<div class=\"elementor-container elementor-column-gap-default\">\n\t\t\t\t\t\t\t<div class=\"elementor-row\">\n\t\t\t\t\t<div class=\"elementor-column elementor-col-100 elementor-top-column elementor-element elementor-element-06f628f\" data-id=\"06f628f\" data-element_type=\"column\">\n\t\t\t<div class=\"elementor-column-wrap\">\n\t\t\t\t\t\t\t<div class=\"elementor-widget-wrap\">\n\t\t\t\t\t\t\t\t<\/div>\n\t\t\t\t\t<\/div>\n\t\t<\/div>\n\t\t\t\t\t\t\t\t<\/div>\n\t\t\t\t\t<\/div>\n\t\t<\/section>\n\t\t\t\t\t\t<\/div>\n\t\t\t\t\t\t<\/div>\n\t\t\t\t\t<\/div>","protected":false},"excerpt":{"rendered":"<p>We are proud to share with you that a project we started six months ago won a sustainability contest promoted by Galp Foundation, in Portugal.&nbsp; Thanks to the teacher Goretti from Santana de Cambas School, who applied for the prize, the children from Santana de Cambas School (Mertola) presented their syntropic garden in front of [&hellip;]<\/p>","protected":false},"author":4,"featured_media":14277,"comment_status":"open","ping_status":"open","sticky":false,"template":"","format":"standard","meta":[],"categories":[799],"tags":[804],"_links":{"self":[{"href":"https:\/\/agendagotsch.com\/pt\/wp-json\/wp\/v2\/posts\/14276"}],"collection":[{"href":"https:\/\/agendagotsch.com\/pt\/wp-json\/wp\/v2\/posts"}],"about":[{"href":"https:\/\/agendagotsch.com\/pt\/wp-json\/wp\/v2\/types\/post"}],"author":[{"embeddable":true,"href":"https:\/\/agendagotsch.com\/pt\/wp-json\/wp\/v2\/users\/4"}],"replies":[{"embeddable":true,"href":"https:\/\/agendagotsch.com\/pt\/wp-json\/wp\/v2\/comments?post=14276"}],"version-history":[{"count":1,"href":"https:\/\/agendagotsch.com\/pt\/wp-json\/wp\/v2\/posts\/14276\/revisions"}],"predecessor-version":[{"id":25753,"href":"https:\/\/agendagotsch.com\/pt\/wp-json\/wp\/v2\/posts\/14276\/revisions\/25753"}],"wp:featuredmedia":[{"embeddable":true,"href":"https:\/\/agendagotsch.com\/pt\/wp-json\/wp\/v2\/media\/14277"}],"wp:attachment":[{"href":"https:\/\/agendagotsch.com\/pt\/wp-json\/wp\/v2\/media?parent=14276"}],"wp:term":[{"taxonomy":"category","embeddable":true,"href":"https:\/\/agendagotsch.com\/pt\/wp-json\/wp\/v2\/categories?post=14276"},{"taxonomy":"post_tag","embeddable":true,"href":"https:\/\/agendagotsch.com\/pt\/wp-json\/wp\/v2\/tags?post=14276"}],"curies":[{"name":"wp","href":"https:\/\/api.w.org\/{rel}","templated":true}]}}