{"id":11283,"date":"2018-05-13T10:18:22","date_gmt":"2018-05-13T13:18:22","guid":{"rendered":"https:\/\/lifeinsyntropy.org\/?p=11283"},"modified":"2018-05-13T10:18:22","modified_gmt":"2018-05-13T13:18:22","slug":"restoration-by-use","status":"publish","type":"post","link":"https:\/\/agendagotsch.com\/pt\/restoration-by-use\/","title":{"rendered":"Recupera\u00e7\u00e3o pelo uso"},"content":{"rendered":"<div style=\"min-height: 30px;\"><input id=\"11283\" style=\"float: left;max-width: 50px;\" src=\"https:\/\/agendagotsch.com\/wp-content\/plugins\/wp-advanced-pdf\/asset\/images\/pdf.png\" alt=\"#TB_inline?height=230&amp;width=400&amp;inlineId=examplePopup1\" title=\"Export pdf to your Email\" class=\"thickbox export-pdf\" type=\"image\" value=\"Export to PDF\" \/><\/div>\t\t<div data-elementor-type=\"wp-post\" data-elementor-id=\"11283\" class=\"elementor elementor-11283 elementor-bc-flex-widget\" data-elementor-settings=\"[]\">\n\t\t\t\t\t\t<div class=\"elementor-inner\">\n\t\t\t\t\t\t\t<div class=\"elementor-section-wrap\">\n\t\t\t\t\t\t\t<section class=\"elementor-section elementor-top-section elementor-element elementor-element-15621779 elementor-section-boxed elementor-section-height-default elementor-section-height-default\" data-id=\"15621779\" data-element_type=\"section\">\n\t\t\t\t\t\t<div class=\"elementor-container elementor-column-gap-default\">\n\t\t\t\t\t\t\t<div class=\"elementor-row\">\n\t\t\t\t\t<div class=\"elementor-column elementor-col-100 elementor-top-column elementor-element elementor-element-f150b3f\" data-id=\"f150b3f\" data-element_type=\"column\">\n\t\t\t<div class=\"elementor-column-wrap elementor-element-populated\">\n\t\t\t\t\t\t\t<div class=\"elementor-widget-wrap\">\n\t\t\t\t\t\t<div class=\"elementor-element elementor-element-a87a2cb elementor-widget elementor-widget-text-editor\" data-id=\"a87a2cb\" data-element_type=\"widget\" data-widget_type=\"text-editor.default\">\n\t\t\t\t<div class=\"elementor-widget-container\">\n\t\t\t\t\t\t\t\t<div class=\"elementor-text-editor elementor-clearfix\">\n\t\t\t\t<p>Um pasto degradado que ser\u00e1 transformado em uma floresta produtiva. Em novembro de 2016 Ernst G\u00f6tsch escolheu esta \u00e1rea na Fazenda S\u00e3o Sebasti\u00e3o para iniciar um plantio com foco inicial na banana e na mandioca. A seguir descrevemos cada um dos passos da implanta\u00e7\u00e3o desse sistema, com os detalhes das explica\u00e7\u00f5es fornecidas pelo pr\u00f3prio Ernst G\u00f6tsch durante a execu\u00e7\u00e3o do projeto. O plano para o futuro da \u00e1rea? Segundo Ernst, \u00e9 o estabelecimento de uma \"Mata Amatl\u00e2ntica\" com cambuc\u00e1, a\u00e7a\u00ed, sama\u00fama e castanha do Brasil. Um exemplo de recupera\u00e7\u00e3o pelo uso!<\/p>\t\t\t\t\t<\/div>\n\t\t\t\t\t\t<\/div>\n\t\t\t\t<\/div>\n\t\t\t\t<div class=\"elementor-element elementor-element-262f715 elementor-widget elementor-widget-heading\" data-id=\"262f715\" data-element_type=\"widget\" data-widget_type=\"heading.default\">\n\t\t\t\t<div class=\"elementor-widget-container\">\n\t\t\t<h2 class=\"elementor-heading-title elementor-size-large\">Hist\u00f3rico da \u00e1rea escolhida<\/h2>\t\t<\/div>\n\t\t\t\t<\/div>\n\t\t\t\t<div class=\"elementor-element elementor-element-4c65317 elementor-widget elementor-widget-text-editor\" data-id=\"4c65317\" data-element_type=\"widget\" data-widget_type=\"text-editor.default\">\n\t\t\t\t<div class=\"elementor-widget-container\">\n\t\t\t\t\t\t\t\t<div class=\"elementor-text-editor elementor-clearfix\">\n\t\t\t\t<p>O hist\u00f3rico do local guarda registros de uso para o plantio de mandioca que, inviabilizado pela baixa produtividade, deu lugar \u00e0 pastagem n\u00e3o manejada. A \u00e1rea ficou nessas condi\u00e7\u00f5es de uso, sem manuten\u00e7\u00e3o nem queima nos \u00faltimos 7 anos.<\/p>\t\t\t\t\t<\/div>\n\t\t\t\t\t\t<\/div>\n\t\t\t\t<\/div>\n\t\t\t\t<div class=\"elementor-element elementor-element-06fe593 elementor-widget elementor-widget-image\" data-id=\"06fe593\" data-element_type=\"widget\" data-widget_type=\"image.default\">\n\t\t\t\t<div class=\"elementor-widget-container\">\n\t\t\t\t\t\t\t\t<div class=\"elementor-image\">\n\t\t\t\t\t\t\t\t\t<figure class=\"wp-caption\">\n\t\t\t\t\t\t\t\t\t\t<img width=\"770\" height=\"405\" src=\"https:\/\/agendagotsch.com\/wp-content\/uploads\/2018\/05\/life-in-syntropy-recuperacao-pelo-uso-area-1024x539.jpg\" class=\"attachment-large size-large\" alt=\"\" loading=\"lazy\" srcset=\"https:\/\/agendagotsch.com\/wp-content\/uploads\/2018\/05\/life-in-syntropy-recuperacao-pelo-uso-area-1024x539.jpg 1024w, https:\/\/agendagotsch.com\/wp-content\/uploads\/2018\/05\/life-in-syntropy-recuperacao-pelo-uso-area-768x404.jpg 768w, https:\/\/agendagotsch.com\/wp-content\/uploads\/2018\/05\/life-in-syntropy-recuperacao-pelo-uso-area-370x195.jpg 370w, https:\/\/agendagotsch.com\/wp-content\/uploads\/2018\/05\/life-in-syntropy-recuperacao-pelo-uso-area-270x142.jpg 270w, https:\/\/agendagotsch.com\/wp-content\/uploads\/2018\/05\/life-in-syntropy-recuperacao-pelo-uso-area-570x300.jpg 570w, https:\/\/agendagotsch.com\/wp-content\/uploads\/2018\/05\/life-in-syntropy-recuperacao-pelo-uso-area-740x389.jpg 740w, https:\/\/agendagotsch.com\/wp-content\/uploads\/2018\/05\/life-in-syntropy-recuperacao-pelo-uso-area.jpg 1141w\" sizes=\"(max-width: 770px) 100vw, 770px\" \/>\t\t\t\t\t\t\t\t\t\t\t<figcaption class=\"widget-image-caption wp-caption-text\">Estado inicial da \u00e1rea<\/figcaption>\n\t\t\t\t\t\t\t\t\t\t<\/figure>\n\t\t\t\t\t\t\t\t<\/div>\n\t\t\t\t\t\t<\/div>\n\t\t\t\t<\/div>\n\t\t\t\t<div class=\"elementor-element elementor-element-582ba1e elementor-widget elementor-widget-heading\" data-id=\"582ba1e\" data-element_type=\"widget\" data-widget_type=\"heading.default\">\n\t\t\t\t<div class=\"elementor-widget-container\">\n\t\t\t<h2 class=\"elementor-heading-title elementor-size-large\">A l\u00f3gica do design<\/h2>\t\t<\/div>\n\t\t\t\t<\/div>\n\t\t\t\t<div class=\"elementor-element elementor-element-faf2c4b elementor-widget elementor-widget-text-editor\" data-id=\"faf2c4b\" data-element_type=\"widget\" data-widget_type=\"text-editor.default\">\n\t\t\t\t<div class=\"elementor-widget-container\">\n\t\t\t\t\t\t\t\t<div class=\"elementor-text-editor elementor-clearfix\">\n\t\t\t\t<p style=\"font-size: 14px;\">O sistema implantado \u00e9 constitu\u00eddo por um cons\u00f3rcio complexo, o que significa dizer que entrar\u00e3o mais de 30 esp\u00e9cies diferentes que se suceder\u00e3o no tempo e no espa\u00e7o. Um dos aspectos importantes para a defini\u00e7\u00e3o dessa composi\u00e7\u00e3o diz respeito \u00e0 escolha das esp\u00e9cies segundo o seu ciclo de vida. Na agricultura sintr\u00f3pica, os arranjos s\u00e3o feitos de modo que o espa\u00e7o do campo seja bem aproveitado ao longo de todo o tempo em que o sistema vai se transformando. Ou seja, esp\u00e9cies com ciclo de vida diferentes podem, sem problema algum, ocupar o mesmo espa\u00e7o na hora do plantio pois elas\u00a0 crescer\u00e3o em tempos diferentes, n\u00e3o se sobrepondo portanto.<\/p><p style=\"margin-bottom: 0px; font-size: 14px;\" class=\" translation-block\">No caso desta \u00e1rea, por exemplo, a banana e a mandioca s\u00e3o as representantes do ciclo de vida curto para m\u00e9dio. Mas na mesma linha tamb\u00e9m foram plantados a\u00e7a\u00ed, rambutam, cacau e cupua\u00e7u, as quais fazem parte do grupo de ciclo de vida m\u00e9dio\/longo. Por volta do 25\u00ba ano o cacau e o a\u00e7a\u00ed come\u00e7ar\u00e3o a ser raleados do sistema para dar lugar \u00e0s esp\u00e9cies de ciclo longo, neste caso representadas pelo mangust\u00e3o, cambuc\u00e1, sama\u00fama e castanha do Brasil.<\/p>\t\t\t\t\t<\/div>\n\t\t\t\t\t\t<\/div>\n\t\t\t\t<\/div>\n\t\t\t\t<div class=\"elementor-element elementor-element-c912162 elementor-widget elementor-widget-image\" data-id=\"c912162\" data-element_type=\"widget\" data-widget_type=\"image.default\">\n\t\t\t\t<div class=\"elementor-widget-container\">\n\t\t\t\t\t\t\t\t<div class=\"elementor-image\">\n\t\t\t\t\t\t\t\t\t\t\t\t<img width=\"770\" height=\"260\" src=\"https:\/\/agendagotsch.com\/wp-content\/uploads\/2018\/05\/life-in-syntropy-restoration-by-use-list.jpg\" class=\"attachment-large size-large\" alt=\"\" loading=\"lazy\" srcset=\"https:\/\/agendagotsch.com\/wp-content\/uploads\/2018\/05\/life-in-syntropy-restoration-by-use-list.jpg 936w, https:\/\/agendagotsch.com\/wp-content\/uploads\/2018\/05\/life-in-syntropy-restoration-by-use-list-768x259.jpg 768w, https:\/\/agendagotsch.com\/wp-content\/uploads\/2018\/05\/life-in-syntropy-restoration-by-use-list-370x125.jpg 370w, https:\/\/agendagotsch.com\/wp-content\/uploads\/2018\/05\/life-in-syntropy-restoration-by-use-list-270x91.jpg 270w, https:\/\/agendagotsch.com\/wp-content\/uploads\/2018\/05\/life-in-syntropy-restoration-by-use-list-570x192.jpg 570w, https:\/\/agendagotsch.com\/wp-content\/uploads\/2018\/05\/life-in-syntropy-restoration-by-use-list-740x250.jpg 740w\" sizes=\"(max-width: 770px) 100vw, 770px\" \/>\t\t\t\t\t\t\t\t\t\t\t\t\t\t<\/div>\n\t\t\t\t\t\t<\/div>\n\t\t\t\t<\/div>\n\t\t\t\t<div class=\"elementor-element elementor-element-9a63261 elementor-widget elementor-widget-text-editor\" data-id=\"9a63261\" data-element_type=\"widget\" data-widget_type=\"text-editor.default\">\n\t\t\t\t<div class=\"elementor-widget-container\">\n\t\t\t\t\t\t\t\t<div class=\"elementor-text-editor elementor-clearfix\">\n\t\t\t\t<p><span style=\"font-size: 14px;\">Todas essas esp\u00e9cies foram plantadas no que chamamos de linha A. Na entrelinha, ou \u00e1rea B, foi plantado o capim momba\u00e7a (um cultivar de coloni\u00e3o Panicum)\u00a0<\/span><em style=\"font-size: 14px;\">Panicum maximum.<\/em><span style=\"font-size: 14px;\">\u00a0No in\u00edcio, esta \u00e9 uma das principais estrat\u00e9gias para superar a condi\u00e7\u00e3o do local de pasto degradado e iniciar as transforma\u00e7\u00f5es que far\u00e3o com que as condi\u00e7\u00f5es desta \u00e1rea melhorem ao ponto de serem suficientes para dar suporte \u00e0 futura floresta produtiva.<\/span><\/p>\t\t\t\t\t<\/div>\n\t\t\t\t\t\t<\/div>\n\t\t\t\t<\/div>\n\t\t\t\t<div class=\"elementor-element elementor-element-08328b9 elementor-widget elementor-widget-image\" data-id=\"08328b9\" data-element_type=\"widget\" data-widget_type=\"image.default\">\n\t\t\t\t<div class=\"elementor-widget-container\">\n\t\t\t\t\t\t\t\t<div class=\"elementor-image\">\n\t\t\t\t\t\t\t\t\t<figure class=\"wp-caption\">\n\t\t\t\t\t\t\t\t\t\t<img width=\"770\" height=\"376\" src=\"https:\/\/agendagotsch.com\/wp-content\/uploads\/2018\/05\/life-in-syntropy-recuperacao-pelo-uso-desenho-1024x500.jpg\" class=\"attachment-large size-large\" alt=\"\" loading=\"lazy\" srcset=\"https:\/\/agendagotsch.com\/wp-content\/uploads\/2018\/05\/life-in-syntropy-recuperacao-pelo-uso-desenho-1024x500.jpg 1024w, https:\/\/agendagotsch.com\/wp-content\/uploads\/2018\/05\/life-in-syntropy-recuperacao-pelo-uso-desenho-768x375.jpg 768w, https:\/\/agendagotsch.com\/wp-content\/uploads\/2018\/05\/life-in-syntropy-recuperacao-pelo-uso-desenho-370x180.jpg 370w, https:\/\/agendagotsch.com\/wp-content\/uploads\/2018\/05\/life-in-syntropy-recuperacao-pelo-uso-desenho-270x132.jpg 270w, https:\/\/agendagotsch.com\/wp-content\/uploads\/2018\/05\/life-in-syntropy-recuperacao-pelo-uso-desenho-570x278.jpg 570w, https:\/\/agendagotsch.com\/wp-content\/uploads\/2018\/05\/life-in-syntropy-recuperacao-pelo-uso-desenho-740x361.jpg 740w, https:\/\/agendagotsch.com\/wp-content\/uploads\/2018\/05\/life-in-syntropy-recuperacao-pelo-uso-desenho.jpg 1230w\" sizes=\"(max-width: 770px) 100vw, 770px\" \/>\t\t\t\t\t\t\t\t\t\t\t<figcaption class=\"widget-image-caption wp-caption-text\">Ilustra\u00e7\u00e3o: Ursula Arztmann<\/figcaption>\n\t\t\t\t\t\t\t\t\t\t<\/figure>\n\t\t\t\t\t\t\t\t<\/div>\n\t\t\t\t\t\t<\/div>\n\t\t\t\t<\/div>\n\t\t\t\t<div class=\"elementor-element elementor-element-f57e8fd elementor-widget elementor-widget-text-editor\" data-id=\"f57e8fd\" data-element_type=\"widget\" data-widget_type=\"text-editor.default\">\n\t\t\t\t<div class=\"elementor-widget-container\">\n\t\t\t\t\t\t\t\t<div class=\"elementor-text-editor elementor-clearfix\">\n\t\t\t\t<p><span style=\"font-size: 14px;\">Essa \u00e9 uma das grandes inova\u00e7\u00f5es desse m\u00e9todo pois, al\u00e9m de n\u00e3o utilizar nenhum herbicida, o capim \u00e9 cultivado intencionalmente. Ele desempenhar\u00e1 o papel fundamental de fornecedor de biomassa desde o in\u00edcio. O plano de manejo para esse capim \u00e9 o de cort\u00e1-lo entre 5 a 6 vezes ao ano, sempre aproveitando todo o material resultante da ro\u00e7agem para alimentar a linha A, das \u00e1rvores.<\/span><\/p>\t\t\t\t\t<\/div>\n\t\t\t\t\t\t<\/div>\n\t\t\t\t<\/div>\n\t\t\t\t<div class=\"elementor-element elementor-element-5284f0e elementor-widget elementor-widget-heading\" data-id=\"5284f0e\" data-element_type=\"widget\" data-widget_type=\"heading.default\">\n\t\t\t\t<div class=\"elementor-widget-container\">\n\t\t\t<h2 class=\"elementor-heading-title elementor-size-default\">Preparo da \u00e1rea<\/h2>\t\t<\/div>\n\t\t\t\t<\/div>\n\t\t\t\t<div class=\"elementor-element elementor-element-86c611e elementor-widget elementor-widget-image\" data-id=\"86c611e\" data-element_type=\"widget\" data-widget_type=\"image.default\">\n\t\t\t\t<div class=\"elementor-widget-container\">\n\t\t\t\t\t\t\t\t<div class=\"elementor-image\">\n\t\t\t\t\t\t\t\t\t<figure class=\"wp-caption\">\n\t\t\t\t\t\t\t\t\t\t<img width=\"770\" height=\"433\" src=\"https:\/\/agendagotsch.com\/wp-content\/uploads\/2018\/05\/life-in-syntropy-recuperacao-pelo-uso-trator-1024x576.jpg\" class=\"attachment-large size-large\" alt=\"\" loading=\"lazy\" srcset=\"https:\/\/agendagotsch.com\/wp-content\/uploads\/2018\/05\/life-in-syntropy-recuperacao-pelo-uso-trator-1024x576.jpg 1024w, https:\/\/agendagotsch.com\/wp-content\/uploads\/2018\/05\/life-in-syntropy-recuperacao-pelo-uso-trator-768x432.jpg 768w, https:\/\/agendagotsch.com\/wp-content\/uploads\/2018\/05\/life-in-syntropy-recuperacao-pelo-uso-trator-370x208.jpg 370w, https:\/\/agendagotsch.com\/wp-content\/uploads\/2018\/05\/life-in-syntropy-recuperacao-pelo-uso-trator-270x152.jpg 270w, https:\/\/agendagotsch.com\/wp-content\/uploads\/2018\/05\/life-in-syntropy-recuperacao-pelo-uso-trator-570x321.jpg 570w, https:\/\/agendagotsch.com\/wp-content\/uploads\/2018\/05\/life-in-syntropy-recuperacao-pelo-uso-trator-740x416.jpg 740w, https:\/\/agendagotsch.com\/wp-content\/uploads\/2018\/05\/life-in-syntropy-recuperacao-pelo-uso-trator.jpg 1067w\" sizes=\"(max-width: 770px) 100vw, 770px\" \/>\t\t\t\t\t\t\t\t\t\t\t<figcaption class=\"widget-image-caption wp-caption-text\">N\u00f3s aramos, gradeamos e passamos enxada rotativa com um Kubota 23 cv<\/figcaption>\n\t\t\t\t\t\t\t\t\t\t<\/figure>\n\t\t\t\t\t\t\t\t<\/div>\n\t\t\t\t\t\t<\/div>\n\t\t\t\t<\/div>\n\t\t\t\t<div class=\"elementor-element elementor-element-0d0825b elementor-widget elementor-widget-text-editor\" data-id=\"0d0825b\" data-element_type=\"widget\" data-widget_type=\"text-editor.default\">\n\t\t\t\t<div class=\"elementor-widget-container\">\n\t\t\t\t\t\t\t\t<div class=\"elementor-text-editor elementor-clearfix\">\n\t\t\t\t<p><span style=\"font-size: 14px;\">O terreno foi arado com a inten\u00e7\u00e3o de quebrar a camada de capim que havia ali (<\/span><em style=\"font-size: 14px;\">Brachiaria humidicola)<\/em><span style=\"font-size: 14px;\">\u00a0para chegar at\u00e9 o horizonte de terra mais compactado (ter\u00edamos usado um subsolador se houvesse). Depois do arado foi utilizada uma grade niveladora e o \u00faltimo implemento utilizado foi a enxada rotativa com a finalidade de afofar a terra nos canteiros destinados ao plantio das frut\u00edferas.<\/span><\/p>\t\t\t\t\t<\/div>\n\t\t\t\t\t\t<\/div>\n\t\t\t\t<\/div>\n\t\t\t\t<div class=\"elementor-element elementor-element-327131c elementor-widget elementor-widget-text-editor\" data-id=\"327131c\" data-element_type=\"widget\" data-widget_type=\"text-editor.default\">\n\t\t\t\t<div class=\"elementor-widget-container\">\n\t\t\t\t\t\t\t\t<div class=\"elementor-text-editor elementor-clearfix\">\n\t\t\t\t<p><span style=\"font-size: 14px;\">N\u00e3o h\u00e1 no mercado de implementos agr\u00edcolas nenhum maquin\u00e1rio que tenha sido desenvolvido exatamente para as finalidades que s\u00e3o buscadas nesse tipo de manejo. Nada contra o Kubota (vale dizer, nos surpreendeu positivamente), mas sim contra o paradigma tecnol\u00f3gico em que estamos inseridos. Todos esses passos poderiam ter um resultado mais preciso se houvesse algumas adapta\u00e7\u00f5es tanto no trator quanto em seus implementos. Um exemplo simples dessa limita\u00e7\u00e3o: nesse tipo de manejo a rebrota do capim n\u00e3o s\u00f3 \u00e9 desejada como essencial para o sucesso do sistema. No entanto, atualmente nenhum maquin\u00e1rio agr\u00edcola de ro\u00e7agem, dispon\u00edvel facilmente no mercado, consegue fazer um corte com a qualidade adequada para proporcionar o novo crescimento em menor tempo, sendo ao mesmo tempo uma m\u00e1quina leve, que n\u00e3o compacte o solo e que seja capaz de realizar o corte e a organiza\u00e7\u00e3o do material em uma mesma passagem. Esse \u00e9 apenas um exemplo, mas ele ilustra bem as consequ\u00eancias pr\u00e1ticas das mudan\u00e7as de paradigma que a agricultura sintr\u00f3pica apresenta (mais sobre mecaniza\u00e7\u00e3o\u00a0<\/span><a style=\"font-size: 14px;\" href=\"https:\/\/lifeinsyntropy.org\/new-challenges-require-new-solutions\/\" target=\"_blank\" rel=\"noopener\">aqui<\/a><span style=\"font-size: 14px;\">). Para a implanta\u00e7\u00e3o manual n\u00e3o h\u00e1 esse tipo de limita\u00e7\u00e3o pois todos esses passos podem ser realizados com ferramentas simples como enxada, enxad\u00e3o, garfos, etc.<\/span><\/p>\t\t\t\t\t<\/div>\n\t\t\t\t\t\t<\/div>\n\t\t\t\t<\/div>\n\t\t\t\t<div class=\"elementor-element elementor-element-e4c1f2c elementor-widget elementor-widget-heading\" data-id=\"e4c1f2c\" data-element_type=\"widget\" data-widget_type=\"heading.default\">\n\t\t\t\t<div class=\"elementor-widget-container\">\n\t\t\t<h2 class=\"elementor-heading-title elementor-size-default\">Forma\u00e7\u00e3o dos ber\u00e7os<\/h2>\t\t<\/div>\n\t\t\t\t<\/div>\n\t\t\t\t<div class=\"elementor-element elementor-element-e241c9d elementor-widget elementor-widget-text-editor\" data-id=\"e241c9d\" data-element_type=\"widget\" data-widget_type=\"text-editor.default\">\n\t\t\t\t<div class=\"elementor-widget-container\">\n\t\t\t\t\t\t\t\t<div class=\"elementor-text-editor elementor-clearfix\">\n\t\t\t\t<p><span style=\"font-size: 14px;\">Removemos o solo da superf\u00edcie que ainda possu\u00eda fragmentos de rizoma do capim e separamos essa por\u00e7\u00e3o na lateral. O ideal seria ter maquin\u00e1rios capazes de separar completamente o capim e seu rizoma, para que esse material n\u00e3o fosse incorporado no solo. Removida essa camada, chega-se a uma profundidade de cerca de 50cm (cinquenta cent\u00edmetros) na regi\u00e3o de transi\u00e7\u00e3o entre os horizontes B e C do solo.<\/span><\/p>\t\t\t\t\t<\/div>\n\t\t\t\t\t\t<\/div>\n\t\t\t\t<\/div>\n\t\t\t\t<div class=\"elementor-element elementor-element-a9cfd15 elementor-widget elementor-widget-image\" data-id=\"a9cfd15\" data-element_type=\"widget\" data-widget_type=\"image.default\">\n\t\t\t\t<div class=\"elementor-widget-container\">\n\t\t\t\t\t\t\t\t<div class=\"elementor-image\">\n\t\t\t\t\t\t\t\t\t<figure class=\"wp-caption\">\n\t\t\t\t\t\t\t\t\t\t<img width=\"770\" height=\"433\" src=\"https:\/\/agendagotsch.com\/wp-content\/uploads\/2018\/05\/life-in-syntropy-recuperacao-pelo-uso-buraco-1024x576.jpg\" class=\"attachment-large size-large\" alt=\"\" loading=\"lazy\" srcset=\"https:\/\/agendagotsch.com\/wp-content\/uploads\/2018\/05\/life-in-syntropy-recuperacao-pelo-uso-buraco-1024x576.jpg 1024w, https:\/\/agendagotsch.com\/wp-content\/uploads\/2018\/05\/life-in-syntropy-recuperacao-pelo-uso-buraco-768x432.jpg 768w, https:\/\/agendagotsch.com\/wp-content\/uploads\/2018\/05\/life-in-syntropy-recuperacao-pelo-uso-buraco-370x208.jpg 370w, https:\/\/agendagotsch.com\/wp-content\/uploads\/2018\/05\/life-in-syntropy-recuperacao-pelo-uso-buraco-270x152.jpg 270w, https:\/\/agendagotsch.com\/wp-content\/uploads\/2018\/05\/life-in-syntropy-recuperacao-pelo-uso-buraco-570x321.jpg 570w, https:\/\/agendagotsch.com\/wp-content\/uploads\/2018\/05\/life-in-syntropy-recuperacao-pelo-uso-buraco-740x416.jpg 740w, https:\/\/agendagotsch.com\/wp-content\/uploads\/2018\/05\/life-in-syntropy-recuperacao-pelo-uso-buraco.jpg 1067w\" sizes=\"(max-width: 770px) 100vw, 770px\" \/>\t\t\t\t\t\t\t\t\t\t\t<figcaption class=\"widget-image-caption wp-caption-text\">Ernst G\u00f6tshc preparando os ber\u00e7os<\/figcaption>\n\t\t\t\t\t\t\t\t\t\t<\/figure>\n\t\t\t\t\t\t\t\t<\/div>\n\t\t\t\t\t\t<\/div>\n\t\t\t\t<\/div>\n\t\t\t\t<div class=\"elementor-element elementor-element-34d74b9 elementor-widget elementor-widget-text-editor\" data-id=\"34d74b9\" data-element_type=\"widget\" data-widget_type=\"text-editor.default\">\n\t\t\t\t<div class=\"elementor-widget-container\">\n\t\t\t\t\t\t\t\t<div class=\"elementor-text-editor elementor-clearfix\">\n\t\t\t\t<p><span style=\"font-size: 14px;\">N\u00e3o foi feita an\u00e1lise laboratorial da composi\u00e7\u00e3o daquele solo mas, por seu aspecto visual, textura, densidade e hist\u00f3rico geol\u00f3gico conhecido da regi\u00e3o, \u00e9 poss\u00edvel identificar caracter\u00edsticas de solo composto por argila e areia, em uma propor\u00e7\u00e3o favor\u00e1vel para a capacidade de reten\u00e7\u00e3o de \u00e1gua e a penetra\u00e7\u00e3o das ra\u00edzes.<\/span><\/p>\t\t\t\t\t<\/div>\n\t\t\t\t\t\t<\/div>\n\t\t\t\t<\/div>\n\t\t\t\t<div class=\"elementor-element elementor-element-f3e5d55 elementor-widget elementor-widget-text-editor\" data-id=\"f3e5d55\" data-element_type=\"widget\" data-widget_type=\"text-editor.default\">\n\t\t\t\t<div class=\"elementor-widget-container\">\n\t\t\t\t\t\t\t\t<div class=\"elementor-text-editor elementor-clearfix\">\n\t\t\t\t<h4>N\u00e3o fazer ou n\u00e3o ter acesso a an\u00e1lises laboratoriais de solo e outros edafoclim\u00e1tias, \u00e9 condi\u00e7\u00e3o comum no cotidiano de muitos agricultores e isso n\u00e3o pode ser um fator que limite a pr\u00e1tica.<\/h4>\t\t\t\t\t<\/div>\n\t\t\t\t\t\t<\/div>\n\t\t\t\t<\/div>\n\t\t\t\t<div class=\"elementor-element elementor-element-d4dc7c8 elementor-widget elementor-widget-text-editor\" data-id=\"d4dc7c8\" data-element_type=\"widget\" data-widget_type=\"text-editor.default\">\n\t\t\t\t<div class=\"elementor-widget-container\">\n\t\t\t\t\t\t\t\t<div class=\"elementor-text-editor elementor-clearfix\">\n\t\t\t\t<p><span style=\"font-size: 14px;\">O passo seguinte \u00e9 o da mistura do adubo preparado na propor\u00e7\u00e3o de cinco partes por volume de um composto org\u00e2nico rico em nitrog\u00eanio (usamos torta de mamona) e uma parte por volume de termofosfato (que poderia ser substitu\u00eddo por algum p\u00f3 de rocha rico em fosfato). O p\u00f3 de rocha tamb\u00e9m foi utilizado para o estabelecimento das faixas de capim. Como ele n\u00e3o \u00e9 termicamente tratado, sua a\u00e7\u00e3o \u00e9 mais lenta e depende da presen\u00e7a de atividade biol\u00f3gica no solo que, neste caso, ser\u00e1 garantida pela n\u00e3o utiliza\u00e7\u00e3o de nenhum biocida.<\/span><\/p>\t\t\t\t\t<\/div>\n\t\t\t\t\t\t<\/div>\n\t\t\t\t<\/div>\n\t\t\t\t<div class=\"elementor-element elementor-element-5fdc7d6 elementor-widget elementor-widget-image\" data-id=\"5fdc7d6\" data-element_type=\"widget\" data-widget_type=\"image.default\">\n\t\t\t\t<div class=\"elementor-widget-container\">\n\t\t\t\t\t\t\t\t<div class=\"elementor-image\">\n\t\t\t\t\t\t\t\t\t\t\t\t<img width=\"770\" height=\"770\" src=\"https:\/\/agendagotsch.com\/wp-content\/uploads\/2018\/05\/life-in-syntropy-recovery-by-use-inputs-1024x1024.jpg\" class=\"attachment-large size-large\" alt=\"\" loading=\"lazy\" srcset=\"https:\/\/agendagotsch.com\/wp-content\/uploads\/2018\/05\/life-in-syntropy-recovery-by-use-inputs-1024x1024.jpg 1024w, https:\/\/agendagotsch.com\/wp-content\/uploads\/2018\/05\/life-in-syntropy-recovery-by-use-inputs-150x150.jpg 150w, https:\/\/agendagotsch.com\/wp-content\/uploads\/2018\/05\/life-in-syntropy-recovery-by-use-inputs-300x300.jpg 300w, https:\/\/agendagotsch.com\/wp-content\/uploads\/2018\/05\/life-in-syntropy-recovery-by-use-inputs-768x768.jpg 768w, https:\/\/agendagotsch.com\/wp-content\/uploads\/2018\/05\/life-in-syntropy-recovery-by-use-inputs-370x370.jpg 370w, https:\/\/agendagotsch.com\/wp-content\/uploads\/2018\/05\/life-in-syntropy-recovery-by-use-inputs-270x270.jpg 270w, https:\/\/agendagotsch.com\/wp-content\/uploads\/2018\/05\/life-in-syntropy-recovery-by-use-inputs-570x570.jpg 570w, https:\/\/agendagotsch.com\/wp-content\/uploads\/2018\/05\/life-in-syntropy-recovery-by-use-inputs-740x740.jpg 740w, https:\/\/agendagotsch.com\/wp-content\/uploads\/2018\/05\/life-in-syntropy-recovery-by-use-inputs.jpg 600w\" sizes=\"(max-width: 770px) 100vw, 770px\" \/>\t\t\t\t\t\t\t\t\t\t\t\t\t\t<\/div>\n\t\t\t\t\t\t<\/div>\n\t\t\t\t<\/div>\n\t\t\t\t<div class=\"elementor-element elementor-element-b1f451b elementor-widget elementor-widget-text-editor\" data-id=\"b1f451b\" data-element_type=\"widget\" data-widget_type=\"text-editor.default\">\n\t\t\t\t<div class=\"elementor-widget-container\">\n\t\t\t\t\t\t\t\t<div class=\"elementor-text-editor elementor-clearfix\">\n\t\t\t\t<p><span style=\"font-size: 14px;\">Com o adubo homogeneamente misturado com a terra, recoloca-se a parte que fica mais ao fundo e pressiona-se para retirada das bolsas de ar. Coloca-se, ent\u00e3o a muda e o restante da terra. Ainda por cima recomenda-se colocar um pouco da terra sem adubo, como um pequeno truque para que alguma erva presente no banco de sementes daquele material n\u00e3o cres\u00e7a aproveitando-se do adubo. Para finalizar o plantio, cobre-se a \u00e1rea plantada com a mat\u00e9ria org\u00e2nica resultante da ro\u00e7agem do campo, formando uma estrutura c\u00f4ncava em volta da bananeira.<\/span><\/p>\t\t\t\t\t<\/div>\n\t\t\t\t\t\t<\/div>\n\t\t\t\t<\/div>\n\t\t\t\t<div class=\"elementor-element elementor-element-8bf39d1 elementor-widget elementor-widget-image\" data-id=\"8bf39d1\" data-element_type=\"widget\" data-widget_type=\"image.default\">\n\t\t\t\t<div class=\"elementor-widget-container\">\n\t\t\t\t\t\t\t\t<div class=\"elementor-image\">\n\t\t\t\t\t\t\t\t\t<figure class=\"wp-caption\">\n\t\t\t\t\t\t\t\t\t\t<img width=\"770\" height=\"433\" src=\"https:\/\/agendagotsch.com\/wp-content\/uploads\/2018\/05\/life-in-syntropy-recuperacao-pelo-uso-berco-1024x576.jpg\" class=\"attachment-large size-large\" alt=\"\" loading=\"lazy\" srcset=\"https:\/\/agendagotsch.com\/wp-content\/uploads\/2018\/05\/life-in-syntropy-recuperacao-pelo-uso-berco-1024x576.jpg 1024w, https:\/\/agendagotsch.com\/wp-content\/uploads\/2018\/05\/life-in-syntropy-recuperacao-pelo-uso-berco-768x432.jpg 768w, https:\/\/agendagotsch.com\/wp-content\/uploads\/2018\/05\/life-in-syntropy-recuperacao-pelo-uso-berco-370x208.jpg 370w, https:\/\/agendagotsch.com\/wp-content\/uploads\/2018\/05\/life-in-syntropy-recuperacao-pelo-uso-berco-270x152.jpg 270w, https:\/\/agendagotsch.com\/wp-content\/uploads\/2018\/05\/life-in-syntropy-recuperacao-pelo-uso-berco-570x321.jpg 570w, https:\/\/agendagotsch.com\/wp-content\/uploads\/2018\/05\/life-in-syntropy-recuperacao-pelo-uso-berco-740x416.jpg 740w, https:\/\/agendagotsch.com\/wp-content\/uploads\/2018\/05\/life-in-syntropy-recuperacao-pelo-uso-berco.jpg 1067w\" sizes=\"(max-width: 770px) 100vw, 770px\" \/>\t\t\t\t\t\t\t\t\t\t\t<figcaption class=\"widget-image-caption wp-caption-text\">Mat\u00e9ria org\u00e2nica forma o \"ninho\": prote\u00e7\u00e3o e nutri\u00e7\u00e3o para as plantas<\/figcaption>\n\t\t\t\t\t\t\t\t\t\t<\/figure>\n\t\t\t\t\t\t\t\t<\/div>\n\t\t\t\t\t\t<\/div>\n\t\t\t\t<\/div>\n\t\t\t\t<div class=\"elementor-element elementor-element-97a3949 elementor-widget elementor-widget-spacer\" data-id=\"97a3949\" data-element_type=\"widget\" data-widget_type=\"spacer.default\">\n\t\t\t\t<div class=\"elementor-widget-container\">\n\t\t\t\t\t<div class=\"elementor-spacer\">\n\t\t\t<div class=\"elementor-spacer-inner\"><\/div>\n\t\t<\/div>\n\t\t\t\t<\/div>\n\t\t\t\t<\/div>\n\t\t\t\t<div class=\"elementor-element elementor-element-abf1447 elementor-widget elementor-widget-text-editor\" data-id=\"abf1447\" data-element_type=\"widget\" data-widget_type=\"text-editor.default\">\n\t\t\t\t<div class=\"elementor-widget-container\">\n\t\t\t\t\t\t\t\t<div class=\"elementor-text-editor elementor-clearfix\">\n\t\t\t\t<p style=\"font-size: 14px;\">Colocar a mat\u00e9ria org\u00e2nica nessa disposi\u00e7\u00e3o, que ficou conhecida como \"ninho\" ou \"ber\u00e7o\", protege a muda rec\u00e9m plantada do impacto direto do sol\u00a0 no solo a sua volta, diminuindo a perda de \u00e1gua por evapora\u00e7\u00e3o, evita o crescimento de ervas espont\u00e2neas e ainda, em caso de chuva, evita a lixivia\u00e7\u00e3o e promove o escoamento da \u00e1gua para o centro. O plantio feito dessa forma garante a sobreviv\u00eancia da bananeira sem irriga\u00e7\u00e3o e sem chuvas por at\u00e9 um m\u00eas. A mat\u00e9ria org\u00e2nica que alimentar\u00e1 continuamente o ninho ser\u00e1 produzida pelo pr\u00f3prio sistema.<span style=\"font-size: 16px;\">\u00a0<\/span><\/p>\t\t\t\t\t<\/div>\n\t\t\t\t\t\t<\/div>\n\t\t\t\t<\/div>\n\t\t\t\t<div class=\"elementor-element elementor-element-9cdd93a elementor-widget elementor-widget-text-editor\" data-id=\"9cdd93a\" data-element_type=\"widget\" data-widget_type=\"text-editor.default\">\n\t\t\t\t<div class=\"elementor-widget-container\">\n\t\t\t\t\t\t\t\t<div class=\"elementor-text-editor elementor-clearfix\">\n\t\t\t\t<p><span style=\"font-size: 14px;\">Entre as bananeiras - na mesma linha A - plantou-se mandioca. Quatro manivas de mandioca no centro, formando um \"V\" duplo. A variedade usada amadurece em 7 meses, tempo ideal para acompanhar o crescimento das bananeiras e ser colhida antes que se sobreponham. Para o plantio da mandioca n\u00e3o foi utilizado nenhum adubo al\u00e9m do material da ro\u00e7agem j\u00e1 presente no local.<\/span><\/p>\t\t\t\t\t<\/div>\n\t\t\t\t\t\t<\/div>\n\t\t\t\t<\/div>\n\t\t\t\t<div class=\"elementor-element elementor-element-4ea9639 elementor-widget elementor-widget-text-editor\" data-id=\"4ea9639\" data-element_type=\"widget\" data-widget_type=\"text-editor.default\">\n\t\t\t\t<div class=\"elementor-widget-container\">\n\t\t\t\t\t\t\t\t<div class=\"elementor-text-editor elementor-clearfix\">\n\t\t\t\t<p>Como as mandiocas s\u00e3o plantadas em \"V\" duplo, seus tub\u00e9rculos tendem a crescer na dire\u00e7\u00e3o das bananeiras ficando livre, portanto, a regi\u00e3o entre elas. Exatamente nesse o local ser\u00e1 colocada a cole\u00e7\u00e3o de sementes de \u00e1rvores que escolhemos: caj\u00e1 mirim, eritrina, graviola, jatob\u00e1, caimito, etc - s\u00e3o plantadas cerca de 10 sementes variadas, escolhidas aleatoriamente, garantindo apenas que haja sempre uma eritrina pois ela desempenha um papel importante no fornecimento de mat\u00e9ria org\u00e2nica para o sistema, al\u00e9m de estabelecer uma boa rela\u00e7\u00e3o simbi\u00f3tica com o cacau.<\/p>\t\t\t\t\t<\/div>\n\t\t\t\t\t\t<\/div>\n\t\t\t\t<\/div>\n\t\t\t\t<div class=\"elementor-element elementor-element-0f3ce4e elementor-widget elementor-widget-text-editor\" data-id=\"0f3ce4e\" data-element_type=\"widget\" data-widget_type=\"text-editor.default\">\n\t\t\t\t<div class=\"elementor-widget-container\">\n\t\t\t\t\t\t\t\t<div class=\"elementor-text-editor elementor-clearfix\">\n\t\t\t\t<p>Ao lado da bananeira \u00e9 plantado cacau, a\u00e7a\u00ed, castanha do Par\u00e1, ing\u00e1 de metro, rambut\u00e3o a cada segunda fila, mangust\u00e3o a cada quarta fila, alternado com cambuc\u00e1. Algumas dessas esp\u00e9cies est\u00e3o no espa\u00e7amento definitivo, outras passar\u00e3o por raleamento ao longo do crescimento do sistema, ou podas de estratifica\u00e7\u00e3o para mant\u00ea-las por mais tempo. Junto da bananeira ainda s\u00e3o plantadas 3 (tr\u00eas) sementes de Sesbania grandiflora pois elas mant\u00eam um boa rela\u00e7\u00e3o simbi\u00f3tica com a bananeira. Junto da mistura das sementes de \u00e1rvores ainda \u00e9 acrescentado feij\u00e3o fradinho, pois ele \u00e9 o primeiro que cresce e funciona como um viveiro natural para as primeiras pl\u00e2ntulas das \u00e1rvores.<\/p><p>Finalizados todos esses plantios, cobre-se o solo com o material restante da ro\u00e7agem e planta-se por \u00faltimo o feij\u00e3o de porco que tamb\u00e9m servir\u00e1 de fornecedor de biomassa para alimentar o sistema. A poda do feij\u00e3o de porco tamb\u00e9m produz o efeito ben\u00e9fico da libera\u00e7\u00e3o de fito-horm\u00f4nios que estimular\u00e3o o crescimento de todas as esp\u00e9cies vizinhas. A outra vantagem do plantio do feij\u00e3o de porco reside no fato de que ele, logo no in\u00edcio, ocupa o espa\u00e7o em que (ainda) n\u00e3o haver\u00e1 capim momba\u00e7a, evitando dessa forma o crescimento de outras ervas espont\u00e2neas n\u00e3o interessantes.<\/p>\t\t\t\t\t<\/div>\n\t\t\t\t\t\t<\/div>\n\t\t\t\t<\/div>\n\t\t\t\t<div class=\"elementor-element elementor-element-025d5db elementor-aspect-ratio-169 elementor-widget elementor-widget-video\" data-id=\"025d5db\" data-element_type=\"widget\" data-settings=\"{&quot;autoplay&quot;:&quot;yes&quot;,&quot;mute&quot;:&quot;yes&quot;,&quot;youtube_url&quot;:&quot;https:\\\/\\\/www.youtube.com\\\/watch?v=HsEV1AIlpI8&quot;,&quot;video_type&quot;:&quot;youtube&quot;,&quot;controls&quot;:&quot;yes&quot;,&quot;aspect_ratio&quot;:&quot;169&quot;}\" data-widget_type=\"video.default\">\n\t\t\t\t<div class=\"elementor-widget-container\">\n\t\t\t\t\t<div class=\"elementor-wrapper elementor-fit-aspect-ratio elementor-open-inline\">\n\t\t\t<div class=\"elementor-video\"><\/div>\t\t<\/div>\n\t\t\t\t<\/div>\n\t\t\t\t<\/div>\n\t\t\t\t\t\t<\/div>\n\t\t\t\t\t<\/div>\n\t\t<\/div>\n\t\t\t\t\t\t\t\t<\/div>\n\t\t\t\t\t<\/div>\n\t\t<\/section>\n\t\t\t\t\t\t<\/div>\n\t\t\t\t\t\t<\/div>\n\t\t\t\t\t<\/div>","protected":false},"excerpt":{"rendered":"<p>A degraded pastureland transformed into a productive forest. In November 2016, Ernst G\u00f6tsch chose this area at Fazenda S\u00e3o Sebasti\u00e3o to start a plot with the initial focus on banana and cassava. This article describes each step of the implementation, with the details explained by Ernst G\u00f6tsch himself. The plan for the future of the [&hellip;]<\/p>","protected":false},"author":4,"featured_media":11964,"comment_status":"closed","ping_status":"closed","sticky":false,"template":"","format":"standard","meta":[],"categories":[799],"tags":[157,159,160,161,162],"_links":{"self":[{"href":"https:\/\/agendagotsch.com\/pt\/wp-json\/wp\/v2\/posts\/11283"}],"collection":[{"href":"https:\/\/agendagotsch.com\/pt\/wp-json\/wp\/v2\/posts"}],"about":[{"href":"https:\/\/agendagotsch.com\/pt\/wp-json\/wp\/v2\/types\/post"}],"author":[{"embeddable":true,"href":"https:\/\/agendagotsch.com\/pt\/wp-json\/wp\/v2\/users\/4"}],"replies":[{"embeddable":true,"href":"https:\/\/agendagotsch.com\/pt\/wp-json\/wp\/v2\/comments?post=11283"}],"version-history":[{"count":0,"href":"https:\/\/agendagotsch.com\/pt\/wp-json\/wp\/v2\/posts\/11283\/revisions"}],"wp:featuredmedia":[{"embeddable":true,"href":"https:\/\/agendagotsch.com\/pt\/wp-json\/wp\/v2\/media\/11964"}],"wp:attachment":[{"href":"https:\/\/agendagotsch.com\/pt\/wp-json\/wp\/v2\/media?parent=11283"}],"wp:term":[{"taxonomy":"category","embeddable":true,"href":"https:\/\/agendagotsch.com\/pt\/wp-json\/wp\/v2\/categories?post=11283"},{"taxonomy":"post_tag","embeddable":true,"href":"https:\/\/agendagotsch.com\/pt\/wp-json\/wp\/v2\/tags?post=11283"}],"curies":[{"name":"wp","href":"https:\/\/api.w.org\/{rel}","templated":true}]}}