{"id":25629,"date":"2019-11-10T11:00:04","date_gmt":"2019-11-10T11:00:04","guid":{"rendered":"https:\/\/agendagotsch.com\/?p=25629"},"modified":"2019-11-10T11:00:08","modified_gmt":"2019-11-10T11:00:08","slug":"ernst-gotsch-conference-2018-now-available","status":"publish","type":"post","link":"https:\/\/agendagotsch.com\/en\/ernst-gotsch-conference-2018-now-available\/","title":{"rendered":"Ernst G\u00f6tsch Conference 2018 now available"},"content":{"rendered":"<div style=\"min-height: 30px;\"><input id=\"25629\" style=\"float: left;max-width: 50px;\" src=\"https:\/\/agendagotsch.com\/wp-content\/plugins\/wp-advanced-pdf\/asset\/images\/pdf.png\" alt=\"#TB_inline?height=230&amp;width=400&amp;inlineId=examplePopup1\" title=\"Export pdf to your Email\" class=\"thickbox export-pdf\" type=\"image\" value=\"Export to PDF\" \/><\/div>\n<p>Ernst G\u00f6tsch presented his ideas in a conference dedicated to Syntropic Farming in M\u00e9rtola, Portugal, in November 2018. As we promised, after one year we would make it available to all. Here they are, the full videos of the 2-day event, including the side events &#8220;Communication and Syntropic Farming&#8221; with the author Edmara Barbosa and the &#8220;Large-scale debate&#8221;. We hope you enjoy \ud83d\ude42 <\/p>\n\n\n\n<h2>First day &#8211; Portuguese<\/h2>\n\n\n\n<div class=\"wp-block-columns has-2-columns\">\n<div class=\"wp-block-column\">\n<figure class=\"wp-block-embed-vimeo wp-block-embed is-type-video is-provider-vimeo wp-embed-aspect-16-9 wp-has-aspect-ratio\"><div class=\"wp-block-embed__wrapper\">\n<iframe loading=\"lazy\" src=\"https:\/\/player.vimeo.com\/video\/301477281?dnt=1&amp;app_id=122963\" width=\"770\" height=\"433\" frameborder=\"0\" allow=\"autoplay; fullscreen\" allowfullscreen><\/iframe>\n<\/div><figcaption>Confer\u00eancia com Ernst G\u00f6tsch<\/figcaption><\/figure>\n\n\n\n<figure class=\"wp-block-embed-vimeo wp-block-embed is-type-video is-provider-vimeo wp-embed-aspect-16-9 wp-has-aspect-ratio\"><div class=\"wp-block-embed__wrapper\">\n<iframe loading=\"lazy\" src=\"https:\/\/player.vimeo.com\/video\/301477355?dnt=1&amp;app_id=122963\" width=\"770\" height=\"433\" frameborder=\"0\" allow=\"autoplay; fullscreen\" allowfullscreen><\/iframe>\n<\/div><figcaption>Comunica\u00e7\u00e3o e Agricultura Sintr\u00f3pica, com Edmara Barbosa<\/figcaption><\/figure>\n<\/div>\n\n\n\n<div class=\"wp-block-column\">\n<figure class=\"wp-block-embed-vimeo wp-block-embed is-type-video is-provider-vimeo wp-embed-aspect-16-9 wp-has-aspect-ratio\"><div class=\"wp-block-embed__wrapper\">\n<iframe loading=\"lazy\" src=\"https:\/\/player.vimeo.com\/video\/301477311?dnt=1&amp;app_id=122963\" width=\"770\" height=\"433\" frameborder=\"0\" allow=\"autoplay; fullscreen\" allowfullscreen><\/iframe>\n<\/div><figcaption>Perguntas e respostas<\/figcaption><\/figure>\n<\/div>\n<\/div>\n\n\n\n<h2>Second day &#8211; English<\/h2>\n\n\n\n<div class=\"wp-block-columns has-2-columns\">\n<div class=\"wp-block-column\">\n<figure class=\"wp-block-embed-vimeo wp-block-embed is-type-video is-provider-vimeo wp-embed-aspect-16-9 wp-has-aspect-ratio\"><div class=\"wp-block-embed__wrapper\">\n<iframe loading=\"lazy\" src=\"https:\/\/player.vimeo.com\/video\/301477333?dnt=1&amp;app_id=122963\" width=\"770\" height=\"433\" frameborder=\"0\" allow=\"autoplay; fullscreen\" allowfullscreen><\/iframe>\n<\/div><figcaption>Ernst G\u00f6tsch&#8217;s Conference<\/figcaption><\/figure>\n<\/div>\n\n\n\n<div class=\"wp-block-column\">\n<figure class=\"wp-block-embed-vimeo wp-block-embed is-type-video is-provider-vimeo wp-embed-aspect-16-9 wp-has-aspect-ratio\"><div class=\"wp-block-embed__wrapper\">\n<iframe loading=\"lazy\" src=\"https:\/\/player.vimeo.com\/video\/301477368?dnt=1&amp;app_id=122963\" width=\"770\" height=\"433\" frameborder=\"0\" allow=\"autoplay; fullscreen\" allowfullscreen><\/iframe>\n<\/div><figcaption>Large-scale debate<\/figcaption><\/figure>\n<\/div>\n<\/div>\n","protected":false},"excerpt":{"rendered":"<p>Ernst G\u00f6tsch presented his ideas in a conference dedicated to Syntropic Farming in M\u00e9rtola, Portugal, in November 2018. As we promised, after one year we would make it available to all. Here they are, the full videos of the 2-day event, including the side events &#8220;Communication and Syntropic Farming&#8221; with the author Edmara Barbosa and [&hellip;]<\/p>\n","protected":false},"author":1,"featured_media":25632,"comment_status":"open","ping_status":"closed","sticky":false,"template":"","format":"standard","meta":[],"categories":[799],"tags":[],"_links":{"self":[{"href":"https:\/\/agendagotsch.com\/en\/wp-json\/wp\/v2\/posts\/25629"}],"collection":[{"href":"https:\/\/agendagotsch.com\/en\/wp-json\/wp\/v2\/posts"}],"about":[{"href":"https:\/\/agendagotsch.com\/en\/wp-json\/wp\/v2\/types\/post"}],"author":[{"embeddable":true,"href":"https:\/\/agendagotsch.com\/en\/wp-json\/wp\/v2\/users\/1"}],"replies":[{"embeddable":true,"href":"https:\/\/agendagotsch.com\/en\/wp-json\/wp\/v2\/comments?post=25629"}],"version-history":[{"count":0,"href":"https:\/\/agendagotsch.com\/en\/wp-json\/wp\/v2\/posts\/25629\/revisions"}],"wp:featuredmedia":[{"embeddable":true,"href":"https:\/\/agendagotsch.com\/en\/wp-json\/wp\/v2\/media\/25632"}],"wp:attachment":[{"href":"https:\/\/agendagotsch.com\/en\/wp-json\/wp\/v2\/media?parent=25629"}],"wp:term":[{"taxonomy":"category","embeddable":true,"href":"https:\/\/agendagotsch.com\/en\/wp-json\/wp\/v2\/categories?post=25629"},{"taxonomy":"post_tag","embeddable":true,"href":"https:\/\/agendagotsch.com\/en\/wp-json\/wp\/v2\/tags?post=25629"}],"curies":[{"name":"wp","href":"https:\/\/api.w.org\/{rel}","templated":true}]}}